{"id":5446,"date":"2023-10-12T10:48:46","date_gmt":"2023-10-12T10:48:46","guid":{"rendered":"https:\/\/ibas.world\/unkategorisiert\/ibas-pink-als-zeichen-der-solidaritaet-fuer-brustkrebsbewusstsein\/"},"modified":"2025-01-14T07:29:54","modified_gmt":"2025-01-14T07:29:54","slug":"ibas-pink-als-zeichen-der-solidaritaet-fuer-brustkrebsbewusstsein","status":"publish","type":"post","link":"https:\/\/ibas.world\/de\/blog-de\/ibas-pink-als-zeichen-der-solidaritaet-fuer-brustkrebsbewusstsein\/","title":{"rendered":"IBAS: Pink als Zeichen der Solidarit\u00e4t f\u00fcr Brustkrebsbewusstsein"},"content":{"rendered":"\n<p>Oktober ist der Monat des Brustkrebsbewusstseins \u2013 eine Zeit, in der Gemeinschaften weltweit zusammenkommen, um Aufmerksamkeit zu schaffen und Betroffene von Brustkrebs zu unterst\u00fctzen. Auch IBAS ist stolz darauf, Teil dieser globalen Initiative zu sein. <\/p>\n\n<p><\/p>\n\n<p><strong>Warum das Bewusstsein f\u00fcr Brustkrebs wichtig ist:<\/strong><\/p>\n\n<p>Der Monat des Brustkrebsbewusstseins ist aus mehreren Gr\u00fcnden von Bedeutung:<\/p>\n\n<p><em>Fr\u00fcherkennung:<\/em> Fr\u00fchzeitige Untersuchungen und Sensibilisierung k\u00f6nnen Leben retten, indem Brustkrebs in einem behandelbaren Stadium erkannt wird.<\/p>\n\n<p><em>Unterst\u00fctzung:<\/em> Es ist eine Zeit, um mit denjenigen, die gegen Brustkrebs k\u00e4mpfen, solidarisch zu sein und ihnen die n\u00f6tige Unterst\u00fctzung und Pflege zukommen zu lassen.<\/p>\n\n<p><em>Forschung:<\/em> Bewusstsein zu schaffen bedeutet auch, Mittel f\u00fcr die Forschung zu sammeln, die bessere Behandlungen und letztendlich eine Heilung erm\u00f6glichen.<\/p>\n\n<p><\/p>\n\n<p><strong>Mach mit!<\/strong><\/p>\n\n<p>Auch du kannst einen Unterschied machen:<\/p>\n\n<p><em>Informiere dich:<\/em> Lerne mehr \u00fcber Brustkrebs und Methoden zur Fr\u00fcherkennung.<\/p>\n\n<p><em>Unterst\u00fctze Spendenaktionen:<\/em> Spende an Brustkrebsorganisationen und nimm an entsprechenden Veranstaltungen teil.<\/p>\n\n<p><em>Verbreite Bewusstsein:<\/em> Teile Informationen mit deinen Freunden und deiner Familie.<\/p>\n\n<p>Biete Unterst\u00fctzung an: Sei f\u00fcr Menschen da, die mit Brustkrebs k\u00e4mpfen, und biete ihnen deine Hilfe und dein Mitgef\u00fchl an.<\/p>\n\n<p><\/p>\n\n<p><strong>Gemeinsam k\u00f6nnen wir den Monat des Brustkrebsbewusstseins zu einer Zeit der Hoffnung, Unterst\u00fctzung und Fortschritte machen. Begleite IBAS dabei, einen positiven Beitrag im Kampf gegen Brustkrebs zu leisten. <\/strong><\/p>\n","protected":false},"excerpt":{"rendered":"<p>Oktober ist der Monat des Brustkrebsbewusstseins \u2013 eine Zeit, in der Gemeinschaften weltweit zusammenkommen, um Aufmerksamkeit zu schaffen und Betroffene von Brustkrebs zu unterst\u00fctzen. Auch IBAS ist stolz darauf, Teil dieser globalen Initiative zu sein. Warum das Bewusstsein f\u00fcr Brustkrebs wichtig ist: Der Monat des Brustkrebsbewusstseins ist aus mehreren Gr\u00fcnden von Bedeutung: Fr\u00fcherkennung: Fr\u00fchzeitige Untersuchungen [&hellip;]<\/p>\n","protected":false},"author":54,"featured_media":5066,"comment_status":"open","ping_status":"open","sticky":false,"template":"","format":"standard","meta":{"inline_featured_image":false,"footnotes":""},"categories":[62],"tags":[],"yoast_head":"<!-- This site is optimized with the Yoast SEO plugin v22.5 - https:\/\/yoast.com\/wordpress\/plugins\/seo\/ -->\r\n<title>IBAS: Pink als Zeichen der Solidarit\u00e4t f\u00fcr Brustkrebsbewusstsein - IBAS<\/title>\r\n<meta name=\"robots\" content=\"index, follow, max-snippet:-1, max-image-preview:large, max-video-preview:-1\" \/>\r\n<link rel=\"canonical\" href=\"https:\/\/ibas.world\/de\/blog-de\/ibas-pink-als-zeichen-der-solidaritaet-fuer-brustkrebsbewusstsein\/\" \/>\r\n<meta property=\"og:locale\" content=\"de_DE\" \/>\r\n<meta property=\"og:type\" content=\"article\" \/>\r\n<meta property=\"og:title\" content=\"IBAS: Pink als Zeichen der Solidarit\u00e4t f\u00fcr Brustkrebsbewusstsein - IBAS\" \/>\r\n<meta property=\"og:description\" content=\"Oktober ist der Monat des Brustkrebsbewusstseins \u2013 eine Zeit, in der Gemeinschaften weltweit zusammenkommen, um Aufmerksamkeit zu schaffen und Betroffene von Brustkrebs zu unterst\u00fctzen. Auch IBAS ist stolz darauf, Teil dieser globalen Initiative zu sein. Warum das Bewusstsein f\u00fcr Brustkrebs wichtig ist: Der Monat des Brustkrebsbewusstseins ist aus mehreren Gr\u00fcnden von Bedeutung: Fr\u00fcherkennung: Fr\u00fchzeitige Untersuchungen [&hellip;]\" \/>\r\n<meta property=\"og:url\" content=\"https:\/\/ibas.world\/de\/blog-de\/ibas-pink-als-zeichen-der-solidaritaet-fuer-brustkrebsbewusstsein\/\" \/>\r\n<meta property=\"og:site_name\" content=\"IBAS\" \/>\r\n<meta property=\"article:publisher\" content=\"https:\/\/www.facebook.com\/ibas.world\" \/>\r\n<meta property=\"article:published_time\" content=\"2023-10-12T10:48:46+00:00\" \/>\r\n<meta property=\"article:modified_time\" content=\"2025-01-14T07:29:54+00:00\" \/>\r\n<meta property=\"og:image\" content=\"https:\/\/ibas.world\/wp-content\/uploads\/2023\/10\/IMG_4590-scaled.webp\" \/>\r\n\t<meta property=\"og:image:width\" content=\"2560\" \/>\r\n\t<meta property=\"og:image:height\" content=\"1507\" \/>\r\n\t<meta property=\"og:image:type\" content=\"image\/webp\" \/>\r\n<meta name=\"author\" content=\"pbc\" \/>\r\n<meta name=\"twitter:card\" content=\"summary_large_image\" \/>\r\n<meta name=\"twitter:label1\" content=\"Verfasst von\" \/>\n\t<meta name=\"twitter:data1\" content=\"pbc\" \/>\n\t<meta name=\"twitter:label2\" content=\"Gesch\u00e4tzte Lesezeit\" \/>\n\t<meta name=\"twitter:data2\" content=\"1\u00a0Minute\" \/>\r\n<script type=\"application\/ld+json\" class=\"yoast-schema-graph\">{\"@context\":\"https:\/\/schema.org\",\"@graph\":[{\"@type\":[\"Article\",\"BlogPosting\"],\"@id\":\"https:\/\/ibas.world\/de\/blog-de\/ibas-pink-als-zeichen-der-solidaritaet-fuer-brustkrebsbewusstsein\/#article\",\"isPartOf\":{\"@id\":\"https:\/\/ibas.world\/de\/blog-de\/ibas-pink-als-zeichen-der-solidaritaet-fuer-brustkrebsbewusstsein\/\"},\"author\":{\"name\":\"pbc\",\"@id\":\"https:\/\/ibas.world\/de\/#\/schema\/person\/2419f58a734c144839770fedd6b40668\"},\"headline\":\"IBAS: Pink als Zeichen der Solidarit\u00e4t f\u00fcr Brustkrebsbewusstsein\",\"datePublished\":\"2023-10-12T10:48:46+00:00\",\"dateModified\":\"2025-01-14T07:29:54+00:00\",\"mainEntityOfPage\":{\"@id\":\"https:\/\/ibas.world\/de\/blog-de\/ibas-pink-als-zeichen-der-solidaritaet-fuer-brustkrebsbewusstsein\/\"},\"wordCount\":229,\"commentCount\":0,\"publisher\":{\"@id\":\"https:\/\/ibas.world\/de\/#organization\"},\"image\":{\"@id\":\"https:\/\/ibas.world\/de\/blog-de\/ibas-pink-als-zeichen-der-solidaritaet-fuer-brustkrebsbewusstsein\/#primaryimage\"},\"thumbnailUrl\":\"https:\/\/ibas.world\/wp-content\/uploads\/2023\/10\/IMG_4590-scaled.webp\",\"articleSection\":[\"Blog\"],\"inLanguage\":\"de\",\"potentialAction\":[{\"@type\":\"CommentAction\",\"name\":\"Comment\",\"target\":[\"https:\/\/ibas.world\/de\/blog-de\/ibas-pink-als-zeichen-der-solidaritaet-fuer-brustkrebsbewusstsein\/#respond\"]}]},{\"@type\":\"WebPage\",\"@id\":\"https:\/\/ibas.world\/de\/blog-de\/ibas-pink-als-zeichen-der-solidaritaet-fuer-brustkrebsbewusstsein\/\",\"url\":\"https:\/\/ibas.world\/de\/blog-de\/ibas-pink-als-zeichen-der-solidaritaet-fuer-brustkrebsbewusstsein\/\",\"name\":\"IBAS: Pink als Zeichen der Solidarit\u00e4t f\u00fcr Brustkrebsbewusstsein - IBAS\",\"isPartOf\":{\"@id\":\"https:\/\/ibas.world\/de\/#website\"},\"primaryImageOfPage\":{\"@id\":\"https:\/\/ibas.world\/de\/blog-de\/ibas-pink-als-zeichen-der-solidaritaet-fuer-brustkrebsbewusstsein\/#primaryimage\"},\"image\":{\"@id\":\"https:\/\/ibas.world\/de\/blog-de\/ibas-pink-als-zeichen-der-solidaritaet-fuer-brustkrebsbewusstsein\/#primaryimage\"},\"thumbnailUrl\":\"https:\/\/ibas.world\/wp-content\/uploads\/2023\/10\/IMG_4590-scaled.webp\",\"datePublished\":\"2023-10-12T10:48:46+00:00\",\"dateModified\":\"2025-01-14T07:29:54+00:00\",\"breadcrumb\":{\"@id\":\"https:\/\/ibas.world\/de\/blog-de\/ibas-pink-als-zeichen-der-solidaritaet-fuer-brustkrebsbewusstsein\/#breadcrumb\"},\"inLanguage\":\"de\",\"potentialAction\":[{\"@type\":\"ReadAction\",\"target\":[\"https:\/\/ibas.world\/de\/blog-de\/ibas-pink-als-zeichen-der-solidaritaet-fuer-brustkrebsbewusstsein\/\"]}]},{\"@type\":\"ImageObject\",\"inLanguage\":\"de\",\"@id\":\"https:\/\/ibas.world\/de\/blog-de\/ibas-pink-als-zeichen-der-solidaritaet-fuer-brustkrebsbewusstsein\/#primaryimage\",\"url\":\"https:\/\/ibas.world\/wp-content\/uploads\/2023\/10\/IMG_4590-scaled.webp\",\"contentUrl\":\"https:\/\/ibas.world\/wp-content\/uploads\/2023\/10\/IMG_4590-scaled.webp\",\"width\":2560,\"height\":1507},{\"@type\":\"BreadcrumbList\",\"@id\":\"https:\/\/ibas.world\/de\/blog-de\/ibas-pink-als-zeichen-der-solidaritaet-fuer-brustkrebsbewusstsein\/#breadcrumb\",\"itemListElement\":[{\"@type\":\"ListItem\",\"position\":1,\"name\":\"Home\",\"item\":\"https:\/\/ibas.world\/de\/\"},{\"@type\":\"ListItem\",\"position\":2,\"name\":\"IBAS: Pink als Zeichen der Solidarit\u00e4t f\u00fcr Brustkrebsbewusstsein\"}]},{\"@type\":\"WebSite\",\"@id\":\"https:\/\/ibas.world\/de\/#website\",\"url\":\"https:\/\/ibas.world\/de\/\",\"name\":\"IBAS\",\"description\":\"\",\"publisher\":{\"@id\":\"https:\/\/ibas.world\/de\/#organization\"},\"potentialAction\":[{\"@type\":\"SearchAction\",\"target\":{\"@type\":\"EntryPoint\",\"urlTemplate\":\"https:\/\/ibas.world\/de\/?s={search_term_string}\"},\"query-input\":\"required name=search_term_string\"}],\"inLanguage\":\"de\"},{\"@type\":\"Organization\",\"@id\":\"https:\/\/ibas.world\/de\/#organization\",\"name\":\"IBAS\",\"url\":\"https:\/\/ibas.world\/de\/\",\"logo\":{\"@type\":\"ImageObject\",\"inLanguage\":\"de\",\"@id\":\"https:\/\/ibas.world\/de\/#\/schema\/logo\/image\/\",\"url\":\"https:\/\/ibas.world\/wp-content\/uploads\/2023\/06\/favicon.png\",\"contentUrl\":\"https:\/\/ibas.world\/wp-content\/uploads\/2023\/06\/favicon.png\",\"width\":374,\"height\":340,\"caption\":\"IBAS\"},\"image\":{\"@id\":\"https:\/\/ibas.world\/de\/#\/schema\/logo\/image\/\"},\"sameAs\":[\"https:\/\/www.facebook.com\/ibas.world\",\"https:\/\/www.instagram.com\/ibas.world\/\",\"https:\/\/in.linkedin.com\/company\/ibas-world\"]},{\"@type\":\"Person\",\"@id\":\"https:\/\/ibas.world\/de\/#\/schema\/person\/2419f58a734c144839770fedd6b40668\",\"name\":\"pbc\",\"image\":{\"@type\":\"ImageObject\",\"inLanguage\":\"de\",\"@id\":\"https:\/\/ibas.world\/de\/#\/schema\/person\/image\/\",\"url\":\"https:\/\/secure.gravatar.com\/avatar\/5a180d5026965a53da46743b2117d3ba?s=96&d=mm&r=g\",\"contentUrl\":\"https:\/\/secure.gravatar.com\/avatar\/5a180d5026965a53da46743b2117d3ba?s=96&d=mm&r=g\",\"caption\":\"pbc\"},\"url\":\"https:\/\/ibas.world\/de\/author\/pbc\/\"}]}<\/script>\r\n<!-- \/ Yoast SEO plugin. -->","yoast_head_json":{"title":"IBAS: Pink als Zeichen der Solidarit\u00e4t f\u00fcr Brustkrebsbewusstsein - IBAS","robots":{"index":"index","follow":"follow","max-snippet":"max-snippet:-1","max-image-preview":"max-image-preview:large","max-video-preview":"max-video-preview:-1"},"canonical":"https:\/\/ibas.world\/de\/blog-de\/ibas-pink-als-zeichen-der-solidaritaet-fuer-brustkrebsbewusstsein\/","og_locale":"de_DE","og_type":"article","og_title":"IBAS: Pink als Zeichen der Solidarit\u00e4t f\u00fcr Brustkrebsbewusstsein - IBAS","og_description":"Oktober ist der Monat des Brustkrebsbewusstseins \u2013 eine Zeit, in der Gemeinschaften weltweit zusammenkommen, um Aufmerksamkeit zu schaffen und Betroffene von Brustkrebs zu unterst\u00fctzen. Auch IBAS ist stolz darauf, Teil dieser globalen Initiative zu sein. Warum das Bewusstsein f\u00fcr Brustkrebs wichtig ist: Der Monat des Brustkrebsbewusstseins ist aus mehreren Gr\u00fcnden von Bedeutung: Fr\u00fcherkennung: Fr\u00fchzeitige Untersuchungen [&hellip;]","og_url":"https:\/\/ibas.world\/de\/blog-de\/ibas-pink-als-zeichen-der-solidaritaet-fuer-brustkrebsbewusstsein\/","og_site_name":"IBAS","article_publisher":"https:\/\/www.facebook.com\/ibas.world","article_published_time":"2023-10-12T10:48:46+00:00","article_modified_time":"2025-01-14T07:29:54+00:00","og_image":[{"width":2560,"height":1507,"url":"https:\/\/ibas.world\/wp-content\/uploads\/2023\/10\/IMG_4590-scaled.webp","type":"image\/webp"}],"author":"pbc","twitter_card":"summary_large_image","twitter_misc":{"Verfasst von":"pbc","Gesch\u00e4tzte Lesezeit":"1\u00a0Minute"},"schema":{"@context":"https:\/\/schema.org","@graph":[{"@type":["Article","BlogPosting"],"@id":"https:\/\/ibas.world\/de\/blog-de\/ibas-pink-als-zeichen-der-solidaritaet-fuer-brustkrebsbewusstsein\/#article","isPartOf":{"@id":"https:\/\/ibas.world\/de\/blog-de\/ibas-pink-als-zeichen-der-solidaritaet-fuer-brustkrebsbewusstsein\/"},"author":{"name":"pbc","@id":"https:\/\/ibas.world\/de\/#\/schema\/person\/2419f58a734c144839770fedd6b40668"},"headline":"IBAS: Pink als Zeichen der Solidarit\u00e4t f\u00fcr Brustkrebsbewusstsein","datePublished":"2023-10-12T10:48:46+00:00","dateModified":"2025-01-14T07:29:54+00:00","mainEntityOfPage":{"@id":"https:\/\/ibas.world\/de\/blog-de\/ibas-pink-als-zeichen-der-solidaritaet-fuer-brustkrebsbewusstsein\/"},"wordCount":229,"commentCount":0,"publisher":{"@id":"https:\/\/ibas.world\/de\/#organization"},"image":{"@id":"https:\/\/ibas.world\/de\/blog-de\/ibas-pink-als-zeichen-der-solidaritaet-fuer-brustkrebsbewusstsein\/#primaryimage"},"thumbnailUrl":"https:\/\/ibas.world\/wp-content\/uploads\/2023\/10\/IMG_4590-scaled.webp","articleSection":["Blog"],"inLanguage":"de","potentialAction":[{"@type":"CommentAction","name":"Comment","target":["https:\/\/ibas.world\/de\/blog-de\/ibas-pink-als-zeichen-der-solidaritaet-fuer-brustkrebsbewusstsein\/#respond"]}]},{"@type":"WebPage","@id":"https:\/\/ibas.world\/de\/blog-de\/ibas-pink-als-zeichen-der-solidaritaet-fuer-brustkrebsbewusstsein\/","url":"https:\/\/ibas.world\/de\/blog-de\/ibas-pink-als-zeichen-der-solidaritaet-fuer-brustkrebsbewusstsein\/","name":"IBAS: Pink als Zeichen der Solidarit\u00e4t f\u00fcr Brustkrebsbewusstsein - IBAS","isPartOf":{"@id":"https:\/\/ibas.world\/de\/#website"},"primaryImageOfPage":{"@id":"https:\/\/ibas.world\/de\/blog-de\/ibas-pink-als-zeichen-der-solidaritaet-fuer-brustkrebsbewusstsein\/#primaryimage"},"image":{"@id":"https:\/\/ibas.world\/de\/blog-de\/ibas-pink-als-zeichen-der-solidaritaet-fuer-brustkrebsbewusstsein\/#primaryimage"},"thumbnailUrl":"https:\/\/ibas.world\/wp-content\/uploads\/2023\/10\/IMG_4590-scaled.webp","datePublished":"2023-10-12T10:48:46+00:00","dateModified":"2025-01-14T07:29:54+00:00","breadcrumb":{"@id":"https:\/\/ibas.world\/de\/blog-de\/ibas-pink-als-zeichen-der-solidaritaet-fuer-brustkrebsbewusstsein\/#breadcrumb"},"inLanguage":"de","potentialAction":[{"@type":"ReadAction","target":["https:\/\/ibas.world\/de\/blog-de\/ibas-pink-als-zeichen-der-solidaritaet-fuer-brustkrebsbewusstsein\/"]}]},{"@type":"ImageObject","inLanguage":"de","@id":"https:\/\/ibas.world\/de\/blog-de\/ibas-pink-als-zeichen-der-solidaritaet-fuer-brustkrebsbewusstsein\/#primaryimage","url":"https:\/\/ibas.world\/wp-content\/uploads\/2023\/10\/IMG_4590-scaled.webp","contentUrl":"https:\/\/ibas.world\/wp-content\/uploads\/2023\/10\/IMG_4590-scaled.webp","width":2560,"height":1507},{"@type":"BreadcrumbList","@id":"https:\/\/ibas.world\/de\/blog-de\/ibas-pink-als-zeichen-der-solidaritaet-fuer-brustkrebsbewusstsein\/#breadcrumb","itemListElement":[{"@type":"ListItem","position":1,"name":"Home","item":"https:\/\/ibas.world\/de\/"},{"@type":"ListItem","position":2,"name":"IBAS: Pink als Zeichen der Solidarit\u00e4t f\u00fcr Brustkrebsbewusstsein"}]},{"@type":"WebSite","@id":"https:\/\/ibas.world\/de\/#website","url":"https:\/\/ibas.world\/de\/","name":"IBAS","description":"","publisher":{"@id":"https:\/\/ibas.world\/de\/#organization"},"potentialAction":[{"@type":"SearchAction","target":{"@type":"EntryPoint","urlTemplate":"https:\/\/ibas.world\/de\/?s={search_term_string}"},"query-input":"required name=search_term_string"}],"inLanguage":"de"},{"@type":"Organization","@id":"https:\/\/ibas.world\/de\/#organization","name":"IBAS","url":"https:\/\/ibas.world\/de\/","logo":{"@type":"ImageObject","inLanguage":"de","@id":"https:\/\/ibas.world\/de\/#\/schema\/logo\/image\/","url":"https:\/\/ibas.world\/wp-content\/uploads\/2023\/06\/favicon.png","contentUrl":"https:\/\/ibas.world\/wp-content\/uploads\/2023\/06\/favicon.png","width":374,"height":340,"caption":"IBAS"},"image":{"@id":"https:\/\/ibas.world\/de\/#\/schema\/logo\/image\/"},"sameAs":["https:\/\/www.facebook.com\/ibas.world","https:\/\/www.instagram.com\/ibas.world\/","https:\/\/in.linkedin.com\/company\/ibas-world"]},{"@type":"Person","@id":"https:\/\/ibas.world\/de\/#\/schema\/person\/2419f58a734c144839770fedd6b40668","name":"pbc","image":{"@type":"ImageObject","inLanguage":"de","@id":"https:\/\/ibas.world\/de\/#\/schema\/person\/image\/","url":"https:\/\/secure.gravatar.com\/avatar\/5a180d5026965a53da46743b2117d3ba?s=96&d=mm&r=g","contentUrl":"https:\/\/secure.gravatar.com\/avatar\/5a180d5026965a53da46743b2117d3ba?s=96&d=mm&r=g","caption":"pbc"},"url":"https:\/\/ibas.world\/de\/author\/pbc\/"}]}},"_links":{"self":[{"href":"https:\/\/ibas.world\/de\/wp-json\/wp\/v2\/posts\/5446"}],"collection":[{"href":"https:\/\/ibas.world\/de\/wp-json\/wp\/v2\/posts"}],"about":[{"href":"https:\/\/ibas.world\/de\/wp-json\/wp\/v2\/types\/post"}],"author":[{"embeddable":true,"href":"https:\/\/ibas.world\/de\/wp-json\/wp\/v2\/users\/54"}],"replies":[{"embeddable":true,"href":"https:\/\/ibas.world\/de\/wp-json\/wp\/v2\/comments?post=5446"}],"version-history":[{"count":3,"href":"https:\/\/ibas.world\/de\/wp-json\/wp\/v2\/posts\/5446\/revisions"}],"predecessor-version":[{"id":5449,"href":"https:\/\/ibas.world\/de\/wp-json\/wp\/v2\/posts\/5446\/revisions\/5449"}],"wp:featuredmedia":[{"embeddable":true,"href":"https:\/\/ibas.world\/de\/wp-json\/wp\/v2\/media\/5066"}],"wp:attachment":[{"href":"https:\/\/ibas.world\/de\/wp-json\/wp\/v2\/media?parent=5446"}],"wp:term":[{"taxonomy":"category","embeddable":true,"href":"https:\/\/ibas.world\/de\/wp-json\/wp\/v2\/categories?post=5446"},{"taxonomy":"post_tag","embeddable":true,"href":"https:\/\/ibas.world\/de\/wp-json\/wp\/v2\/tags?post=5446"}],"curies":[{"name":"wp","href":"https:\/\/api.w.org\/{rel}","templated":true}]}}